{"id":1141,"date":"2019-03-12T15:20:09","date_gmt":"2019-03-12T19:20:09","guid":{"rendered":"http:\/\/caissealliance.absoludev.ca\/non-classifiee\/assurance-collective-sante-et-mieux-etre-au-travail\/"},"modified":"2019-05-13T15:35:31","modified_gmt":"2019-05-13T19:35:31","slug":"assurance-collective-sante-et-mieux-etre-au-travail","status":"publish","type":"post","link":"https:\/\/www.caissealliance.com\/fr\/entreprises\/gestion\/assurance-collective-sante-et-mieux-etre-au-travail\/","title":{"rendered":"Assurance collective \u2013 sant\u00e9 et mieux-\u00eatre au travail"},"content":{"rendered":"<p>Prendre soin de ses employ\u00e9s, c\u2019est leur offrir un milieu de travail sain et mettre de l\u2019avant des mesures qui favorisent leur sant\u00e9 et leur mieux-\u00eatre.<\/p>\n<p>En mettant sur pied un r\u00e9gime d\u2019assurance collective pour vos employ\u00e9s, vous assurez leur s\u00e9curit\u00e9 financi\u00e8re en les aidant \u00e0 faire face aux impr\u00e9vus de la vie.<\/p>\n<p>Mais, pour vraiment bien prendre soin d\u2019eux, vous devriez aussi leur fournir des moyens de <strong>pr\u00e9venir\u00a0<\/strong>les probl\u00e8mes de sant\u00e9. Lorsqu\u2019un employ\u00e9 vit des difficult\u00e9s, des services d\u2019<strong>intervention<\/strong> pourraient \u00e9galement favoriser son retour au travail plus rapidement et dans les meilleures conditions possibles.<\/p>\n<p>Les r\u00e9gimes d\u2019assurance collective que nous offrons peuvent comprendre un programme de sant\u00e9 et mieux-\u00eatre pour vos employ\u00e9s. Vous pourriez y inclure des services de pr\u00e9vention et d\u2019intervention.<\/p>\n<h2><strong>La pr\u00e9vention : aller au-devant des probl\u00e8mes de sant\u00e9<\/strong><\/h2>\n<p>Votre r\u00e9gime d\u2019assurance collective peut inclure des services qui aident les adh\u00e9rents \u00e0 demeurer en forme tant physiquement que psychologiquement.<\/p>\n<h3>Voici quelques-uns des services de pr\u00e9vention que nous vous sugg\u00e9rons d\u2019inclure dans votre r\u00e9gime d\u2019assurance collective :<\/h3>\n<p><strong>Programme d\u2019aide aux employ\u00e9s<\/strong><\/p>\n<p>Service confidentiel d\u2019intervention psychosociale destin\u00e9 aux adh\u00e9rents \u00e0 votre r\u00e9gime ainsi qu\u2019aux membres de leur famille imm\u00e9diate.<\/p>\n<p><strong>Outils de pr\u00e9vention pour les gestionnaires<\/strong><\/p>\n<p>Pour que vos gestionnaires sachent comment intervenir rapidement et ad\u00e9quatement d\u00e8s qu\u2019ils r\u00e9alisent qu\u2019un de leurs employ\u00e9s vit des difficult\u00e9s.<\/p>\n<p><strong>Programme d\u2019analyse de consommation des m\u00e9dicaments<\/strong><\/p>\n<p>Service automatis\u00e9 offert en pharmacie qui analyse chaque ordonnance afin de d\u00e9pister les probl\u00e8mes possibles, comme les interactions m\u00e9dicamenteuses, les traitements et les ordonnances en double ainsi que les renouvellements pr\u00e9matur\u00e9s.<\/p>\n<p><strong>Assistance info acc\u00e8s-sant\u00e9<\/strong><\/p>\n<p>Assistance t\u00e9l\u00e9phonique pour r\u00e9pondre aux questions des adh\u00e9rents sur tout ce qui touche la sant\u00e9.<\/p>\n<p><strong>Centre d\u2019information sur la sant\u00e9<\/strong><\/p>\n<p>Information et conseils sur la sant\u00e9 au travail dans le site Internet r\u00e9serv\u00e9 aux adh\u00e9rents aux r\u00e9gimes d\u2019assurance collective.<\/p>\n<h2><strong>L\u2019intervention : \u00eatre l\u00e0 d\u00e8s que \u00e7a ne va plus<\/strong><\/h2>\n<p>Certaines absences du travail sont in\u00e9vitables. D\u2019autres peuvent \u00eatre \u00e9vit\u00e9es ou \u00e9court\u00e9es si on intervient \u00e0 temps.<\/p>\n<h3>Voici quelques-uns des services que vous pouvez obtenir chez nous :<\/h3>\n<p><strong>Gestion des invalidit\u00e9s<\/strong><\/p>\n<p>Certaines absences requi\u00e8rent qu\u2019un plan d\u2019intervention personnalis\u00e9 soit \u00e9tabli par des experts en gestion des invalidit\u00e9s pour favoriser le retour au travail de l\u2019employ\u00e9.<\/p>\n<p><strong>Protection Soins \u00e0 domicile<\/strong><\/p>\n<p>Pour procurer des soins et des services \u00e0 domicile aux adh\u00e9rents en convalescence \u00e0 la suite d\u2019une hospitalisation.<\/p>\n<h2><strong>La sant\u00e9 de l\u2019entreprise passe par celle des employ\u00e9s<\/strong><\/h2>\n<p>Le contr\u00f4le des co\u00fbts d\u2019op\u00e9ration vous pr\u00e9occupe et les co\u00fbts li\u00e9s aux avantages sociaux des employ\u00e9s en repr\u00e9sentent une part importante qui ne cesse de cro\u00eetre. Plusieurs facteurs peuvent expliquer ces augmentations, notamment l\u2019accroissement du co\u00fbt des m\u00e9dicaments, le d\u00e9sengagement de l\u2019\u00c9tat, la population vieillissante, le nombre de cas d\u2019invalidit\u00e9 toujours croissant.<\/p>\n<p>Une fa\u00e7on de contr\u00f4ler ces co\u00fbts est d\u2019offrir un milieu de travail sain et de faire valoir aux employ\u00e9s l\u2019importance de prendre leur sant\u00e9 en main.<\/p>\n<p>Le bien-\u00eatre au travail favorise une diminution de l\u2019absent\u00e9isme et le taux de roulement du personnel. Il semble qu\u2019il entra\u00eene aussi une am\u00e9lioration significative de la performance des employ\u00e9s. On l\u2019associe g\u00e9n\u00e9ralement \u00e0 la mobilisation des employ\u00e9s et \u00e0 la satisfaction au travail.<\/p>\n<p>Finalement, prendre soin de ses employ\u00e9s aurait une incidence directe sur la rentabilit\u00e9 de votre entreprise.<\/p>\n","protected":false},"excerpt":{"rendered":"<p>Prendre soin de ses employ\u00e9s, c\u2019est leur offrir un milieu de travail sain et mettre de l\u2019avant des mesures qui favorisent leur sant\u00e9 et leur mieux-\u00eatre. En mettant sur pied un r\u00e9gime d\u2019assurance collective pour vos employ\u00e9s, vous assurez leur s\u00e9curit\u00e9 financi\u00e8re en les aidant \u00e0 faire face aux impr\u00e9vus de la vie. Mais, pour [&#8230;]<\/p>\n","protected":false},"author":1,"featured_media":4368,"comment_status":"open","ping_status":"open","sticky":false,"template":"","format":"standard","meta":{"_acf_changed":false,"_monsterinsights_skip_tracking":false,"_monsterinsights_sitenote_active":false,"_monsterinsights_sitenote_note":"","_monsterinsights_sitenote_category":0,"footnotes":""},"categories":[47],"tags":[],"class_list":["post-1141","post","type-post","status-publish","format-standard","has-post-thumbnail","hentry","category-gestion"],"acf":[],"yoast_head":"<!-- This site is optimized with the Yoast SEO plugin v27.5 - https:\/\/yoast.com\/product\/yoast-seo-wordpress\/ -->\n<title>Assurance collective \u2013 sant\u00e9 et mieux-\u00eatre au travail | Caisse Alliance<\/title>\n<meta name=\"robots\" content=\"index, follow, max-snippet:-1, max-image-preview:large, max-video-preview:-1\" \/>\n<link rel=\"canonical\" href=\"https:\/\/www.caissealliance.com\/fr\/entreprises\/gestion\/assurance-collective-sante-et-mieux-etre-au-travail\/\" \/>\n<meta property=\"og:locale\" content=\"fr_FR\" \/>\n<meta property=\"og:type\" content=\"article\" \/>\n<meta property=\"og:title\" content=\"Assurance collective \u2013 sant\u00e9 et mieux-\u00eatre au travail | Caisse Alliance\" \/>\n<meta property=\"og:description\" content=\"Prendre soin de ses employ\u00e9s, c\u2019est leur offrir un milieu de travail sain et mettre de l\u2019avant des mesures qui favorisent leur sant\u00e9 et leur mieux-\u00eatre. En mettant sur pied un r\u00e9gime d\u2019assurance collective pour vos employ\u00e9s, vous assurez leur s\u00e9curit\u00e9 financi\u00e8re en les aidant \u00e0 faire face aux impr\u00e9vus de la vie. Mais, pour [...]\" \/>\n<meta property=\"og:url\" content=\"https:\/\/www.caissealliance.com\/fr\/entreprises\/gestion\/assurance-collective-sante-et-mieux-etre-au-travail\/\" \/>\n<meta property=\"og:site_name\" content=\"Caisse Alliance\" \/>\n<meta property=\"article:published_time\" content=\"2019-03-12T19:20:09+00:00\" \/>\n<meta property=\"article:modified_time\" content=\"2019-05-13T19:35:31+00:00\" \/>\n<meta property=\"og:image\" content=\"https:\/\/www.caissealliance.com\/wp-content\/uploads\/assurance-collective-2.jpg\" \/>\n\t<meta property=\"og:image:width\" content=\"1000\" \/>\n\t<meta property=\"og:image:height\" content=\"593\" \/>\n\t<meta property=\"og:image:type\" content=\"image\/jpeg\" \/>\n<meta name=\"author\" content=\"olabso\" \/>\n<meta name=\"twitter:card\" content=\"summary_large_image\" \/>\n<meta name=\"twitter:label1\" content=\"\u00c9crit par\" \/>\n\t<meta name=\"twitter:data1\" content=\"olabso\" \/>\n\t<meta name=\"twitter:label2\" content=\"Dur\u00e9e de lecture estim\u00e9e\" \/>\n\t<meta name=\"twitter:data2\" content=\"3 minutes\" \/>\n<script type=\"application\/ld+json\" class=\"yoast-schema-graph\">{\"@context\":\"https:\\\/\\\/schema.org\",\"@graph\":[{\"@type\":\"Article\",\"@id\":\"https:\\\/\\\/www.caissealliance.com\\\/fr\\\/entreprises\\\/gestion\\\/assurance-collective-sante-et-mieux-etre-au-travail\\\/#article\",\"isPartOf\":{\"@id\":\"https:\\\/\\\/www.caissealliance.com\\\/fr\\\/entreprises\\\/gestion\\\/assurance-collective-sante-et-mieux-etre-au-travail\\\/\"},\"author\":{\"name\":\"olabso\",\"@id\":\"https:\\\/\\\/www.caissealliance.com\\\/fr\\\/#\\\/schema\\\/person\\\/fa514e945f74db9c21e04f3b1bd401ff\"},\"headline\":\"Assurance collective \u2013 sant\u00e9 et mieux-\u00eatre au travail\",\"datePublished\":\"2019-03-12T19:20:09+00:00\",\"dateModified\":\"2019-05-13T19:35:31+00:00\",\"mainEntityOfPage\":{\"@id\":\"https:\\\/\\\/www.caissealliance.com\\\/fr\\\/entreprises\\\/gestion\\\/assurance-collective-sante-et-mieux-etre-au-travail\\\/\"},\"wordCount\":638,\"commentCount\":0,\"image\":{\"@id\":\"https:\\\/\\\/www.caissealliance.com\\\/fr\\\/entreprises\\\/gestion\\\/assurance-collective-sante-et-mieux-etre-au-travail\\\/#primaryimage\"},\"thumbnailUrl\":\"https:\\\/\\\/www.caissealliance.com\\\/wp-content\\\/uploads\\\/assurance-collective-2.jpg\",\"articleSection\":[\"Gestion\"],\"inLanguage\":\"fr-FR\",\"potentialAction\":[{\"@type\":\"CommentAction\",\"name\":\"Comment\",\"target\":[\"https:\\\/\\\/www.caissealliance.com\\\/fr\\\/entreprises\\\/gestion\\\/assurance-collective-sante-et-mieux-etre-au-travail\\\/#respond\"]}]},{\"@type\":\"WebPage\",\"@id\":\"https:\\\/\\\/www.caissealliance.com\\\/fr\\\/entreprises\\\/gestion\\\/assurance-collective-sante-et-mieux-etre-au-travail\\\/\",\"url\":\"https:\\\/\\\/www.caissealliance.com\\\/fr\\\/entreprises\\\/gestion\\\/assurance-collective-sante-et-mieux-etre-au-travail\\\/\",\"name\":\"Assurance collective \u2013 sant\u00e9 et mieux-\u00eatre au travail | Caisse Alliance\",\"isPartOf\":{\"@id\":\"https:\\\/\\\/www.caissealliance.com\\\/fr\\\/#website\"},\"primaryImageOfPage\":{\"@id\":\"https:\\\/\\\/www.caissealliance.com\\\/fr\\\/entreprises\\\/gestion\\\/assurance-collective-sante-et-mieux-etre-au-travail\\\/#primaryimage\"},\"image\":{\"@id\":\"https:\\\/\\\/www.caissealliance.com\\\/fr\\\/entreprises\\\/gestion\\\/assurance-collective-sante-et-mieux-etre-au-travail\\\/#primaryimage\"},\"thumbnailUrl\":\"https:\\\/\\\/www.caissealliance.com\\\/wp-content\\\/uploads\\\/assurance-collective-2.jpg\",\"datePublished\":\"2019-03-12T19:20:09+00:00\",\"dateModified\":\"2019-05-13T19:35:31+00:00\",\"author\":{\"@id\":\"https:\\\/\\\/www.caissealliance.com\\\/fr\\\/#\\\/schema\\\/person\\\/fa514e945f74db9c21e04f3b1bd401ff\"},\"breadcrumb\":{\"@id\":\"https:\\\/\\\/www.caissealliance.com\\\/fr\\\/entreprises\\\/gestion\\\/assurance-collective-sante-et-mieux-etre-au-travail\\\/#breadcrumb\"},\"inLanguage\":\"fr-FR\",\"potentialAction\":[{\"@type\":\"ReadAction\",\"target\":[\"https:\\\/\\\/www.caissealliance.com\\\/fr\\\/entreprises\\\/gestion\\\/assurance-collective-sante-et-mieux-etre-au-travail\\\/\"]}]},{\"@type\":\"ImageObject\",\"inLanguage\":\"fr-FR\",\"@id\":\"https:\\\/\\\/www.caissealliance.com\\\/fr\\\/entreprises\\\/gestion\\\/assurance-collective-sante-et-mieux-etre-au-travail\\\/#primaryimage\",\"url\":\"https:\\\/\\\/www.caissealliance.com\\\/wp-content\\\/uploads\\\/assurance-collective-2.jpg\",\"contentUrl\":\"https:\\\/\\\/www.caissealliance.com\\\/wp-content\\\/uploads\\\/assurance-collective-2.jpg\",\"width\":1000,\"height\":593},{\"@type\":\"BreadcrumbList\",\"@id\":\"https:\\\/\\\/www.caissealliance.com\\\/fr\\\/entreprises\\\/gestion\\\/assurance-collective-sante-et-mieux-etre-au-travail\\\/#breadcrumb\",\"itemListElement\":[{\"@type\":\"ListItem\",\"position\":1,\"name\":\"Home\",\"item\":\"https:\\\/\\\/www.caissealliance.com\\\/fr\\\/\"},{\"@type\":\"ListItem\",\"position\":2,\"name\":\"Assurance collective \u2013 sant\u00e9 et mieux-\u00eatre au travail\"}]},{\"@type\":\"WebSite\",\"@id\":\"https:\\\/\\\/www.caissealliance.com\\\/fr\\\/#website\",\"url\":\"https:\\\/\\\/www.caissealliance.com\\\/fr\\\/\",\"name\":\"Caisse Alliance\",\"description\":\"Site Web de la Caisse Alliance\",\"potentialAction\":[{\"@type\":\"SearchAction\",\"target\":{\"@type\":\"EntryPoint\",\"urlTemplate\":\"https:\\\/\\\/www.caissealliance.com\\\/fr\\\/?s={search_term_string}\"},\"query-input\":{\"@type\":\"PropertyValueSpecification\",\"valueRequired\":true,\"valueName\":\"search_term_string\"}}],\"inLanguage\":\"fr-FR\"},{\"@type\":\"Person\",\"@id\":\"https:\\\/\\\/www.caissealliance.com\\\/fr\\\/#\\\/schema\\\/person\\\/fa514e945f74db9c21e04f3b1bd401ff\",\"name\":\"olabso\"}]}<\/script>\n<!-- \/ Yoast SEO plugin. -->","yoast_head_json":{"title":"Assurance collective \u2013 sant\u00e9 et mieux-\u00eatre au travail | Caisse Alliance","robots":{"index":"index","follow":"follow","max-snippet":"max-snippet:-1","max-image-preview":"max-image-preview:large","max-video-preview":"max-video-preview:-1"},"canonical":"https:\/\/www.caissealliance.com\/fr\/entreprises\/gestion\/assurance-collective-sante-et-mieux-etre-au-travail\/","og_locale":"fr_FR","og_type":"article","og_title":"Assurance collective \u2013 sant\u00e9 et mieux-\u00eatre au travail | Caisse Alliance","og_description":"Prendre soin de ses employ\u00e9s, c\u2019est leur offrir un milieu de travail sain et mettre de l\u2019avant des mesures qui favorisent leur sant\u00e9 et leur mieux-\u00eatre. En mettant sur pied un r\u00e9gime d\u2019assurance collective pour vos employ\u00e9s, vous assurez leur s\u00e9curit\u00e9 financi\u00e8re en les aidant \u00e0 faire face aux impr\u00e9vus de la vie. Mais, pour [...]","og_url":"https:\/\/www.caissealliance.com\/fr\/entreprises\/gestion\/assurance-collective-sante-et-mieux-etre-au-travail\/","og_site_name":"Caisse Alliance","article_published_time":"2019-03-12T19:20:09+00:00","article_modified_time":"2019-05-13T19:35:31+00:00","og_image":[{"width":1000,"height":593,"url":"https:\/\/www.caissealliance.com\/wp-content\/uploads\/assurance-collective-2.jpg","type":"image\/jpeg"}],"author":"olabso","twitter_card":"summary_large_image","twitter_misc":{"\u00c9crit par":"olabso","Dur\u00e9e de lecture estim\u00e9e":"3 minutes"},"schema":{"@context":"https:\/\/schema.org","@graph":[{"@type":"Article","@id":"https:\/\/www.caissealliance.com\/fr\/entreprises\/gestion\/assurance-collective-sante-et-mieux-etre-au-travail\/#article","isPartOf":{"@id":"https:\/\/www.caissealliance.com\/fr\/entreprises\/gestion\/assurance-collective-sante-et-mieux-etre-au-travail\/"},"author":{"name":"olabso","@id":"https:\/\/www.caissealliance.com\/fr\/#\/schema\/person\/fa514e945f74db9c21e04f3b1bd401ff"},"headline":"Assurance collective \u2013 sant\u00e9 et mieux-\u00eatre au travail","datePublished":"2019-03-12T19:20:09+00:00","dateModified":"2019-05-13T19:35:31+00:00","mainEntityOfPage":{"@id":"https:\/\/www.caissealliance.com\/fr\/entreprises\/gestion\/assurance-collective-sante-et-mieux-etre-au-travail\/"},"wordCount":638,"commentCount":0,"image":{"@id":"https:\/\/www.caissealliance.com\/fr\/entreprises\/gestion\/assurance-collective-sante-et-mieux-etre-au-travail\/#primaryimage"},"thumbnailUrl":"https:\/\/www.caissealliance.com\/wp-content\/uploads\/assurance-collective-2.jpg","articleSection":["Gestion"],"inLanguage":"fr-FR","potentialAction":[{"@type":"CommentAction","name":"Comment","target":["https:\/\/www.caissealliance.com\/fr\/entreprises\/gestion\/assurance-collective-sante-et-mieux-etre-au-travail\/#respond"]}]},{"@type":"WebPage","@id":"https:\/\/www.caissealliance.com\/fr\/entreprises\/gestion\/assurance-collective-sante-et-mieux-etre-au-travail\/","url":"https:\/\/www.caissealliance.com\/fr\/entreprises\/gestion\/assurance-collective-sante-et-mieux-etre-au-travail\/","name":"Assurance collective \u2013 sant\u00e9 et mieux-\u00eatre au travail | Caisse Alliance","isPartOf":{"@id":"https:\/\/www.caissealliance.com\/fr\/#website"},"primaryImageOfPage":{"@id":"https:\/\/www.caissealliance.com\/fr\/entreprises\/gestion\/assurance-collective-sante-et-mieux-etre-au-travail\/#primaryimage"},"image":{"@id":"https:\/\/www.caissealliance.com\/fr\/entreprises\/gestion\/assurance-collective-sante-et-mieux-etre-au-travail\/#primaryimage"},"thumbnailUrl":"https:\/\/www.caissealliance.com\/wp-content\/uploads\/assurance-collective-2.jpg","datePublished":"2019-03-12T19:20:09+00:00","dateModified":"2019-05-13T19:35:31+00:00","author":{"@id":"https:\/\/www.caissealliance.com\/fr\/#\/schema\/person\/fa514e945f74db9c21e04f3b1bd401ff"},"breadcrumb":{"@id":"https:\/\/www.caissealliance.com\/fr\/entreprises\/gestion\/assurance-collective-sante-et-mieux-etre-au-travail\/#breadcrumb"},"inLanguage":"fr-FR","potentialAction":[{"@type":"ReadAction","target":["https:\/\/www.caissealliance.com\/fr\/entreprises\/gestion\/assurance-collective-sante-et-mieux-etre-au-travail\/"]}]},{"@type":"ImageObject","inLanguage":"fr-FR","@id":"https:\/\/www.caissealliance.com\/fr\/entreprises\/gestion\/assurance-collective-sante-et-mieux-etre-au-travail\/#primaryimage","url":"https:\/\/www.caissealliance.com\/wp-content\/uploads\/assurance-collective-2.jpg","contentUrl":"https:\/\/www.caissealliance.com\/wp-content\/uploads\/assurance-collective-2.jpg","width":1000,"height":593},{"@type":"BreadcrumbList","@id":"https:\/\/www.caissealliance.com\/fr\/entreprises\/gestion\/assurance-collective-sante-et-mieux-etre-au-travail\/#breadcrumb","itemListElement":[{"@type":"ListItem","position":1,"name":"Home","item":"https:\/\/www.caissealliance.com\/fr\/"},{"@type":"ListItem","position":2,"name":"Assurance collective \u2013 sant\u00e9 et mieux-\u00eatre au travail"}]},{"@type":"WebSite","@id":"https:\/\/www.caissealliance.com\/fr\/#website","url":"https:\/\/www.caissealliance.com\/fr\/","name":"Caisse Alliance","description":"Site Web de la Caisse Alliance","potentialAction":[{"@type":"SearchAction","target":{"@type":"EntryPoint","urlTemplate":"https:\/\/www.caissealliance.com\/fr\/?s={search_term_string}"},"query-input":{"@type":"PropertyValueSpecification","valueRequired":true,"valueName":"search_term_string"}}],"inLanguage":"fr-FR"},{"@type":"Person","@id":"https:\/\/www.caissealliance.com\/fr\/#\/schema\/person\/fa514e945f74db9c21e04f3b1bd401ff","name":"olabso"}]}},"publishpress_future_action":{"enabled":false,"date":"2026-05-07 14:35:35","action":"change-status","newStatus":"draft","terms":[],"taxonomy":"category","extraData":[]},"publishpress_future_workflow_manual_trigger":{"enabledWorkflows":[]},"_links":{"self":[{"href":"https:\/\/www.caissealliance.com\/fr\/wp-json\/wp\/v2\/posts\/1141","targetHints":{"allow":["GET"]}}],"collection":[{"href":"https:\/\/www.caissealliance.com\/fr\/wp-json\/wp\/v2\/posts"}],"about":[{"href":"https:\/\/www.caissealliance.com\/fr\/wp-json\/wp\/v2\/types\/post"}],"author":[{"embeddable":true,"href":"https:\/\/www.caissealliance.com\/fr\/wp-json\/wp\/v2\/users\/1"}],"replies":[{"embeddable":true,"href":"https:\/\/www.caissealliance.com\/fr\/wp-json\/wp\/v2\/comments?post=1141"}],"version-history":[{"count":5,"href":"https:\/\/www.caissealliance.com\/fr\/wp-json\/wp\/v2\/posts\/1141\/revisions"}],"predecessor-version":[{"id":4780,"href":"https:\/\/www.caissealliance.com\/fr\/wp-json\/wp\/v2\/posts\/1141\/revisions\/4780"}],"wp:featuredmedia":[{"embeddable":true,"href":"https:\/\/www.caissealliance.com\/fr\/wp-json\/wp\/v2\/media\/4368"}],"wp:attachment":[{"href":"https:\/\/www.caissealliance.com\/fr\/wp-json\/wp\/v2\/media?parent=1141"}],"wp:term":[{"taxonomy":"category","embeddable":true,"href":"https:\/\/www.caissealliance.com\/fr\/wp-json\/wp\/v2\/categories?post=1141"},{"taxonomy":"post_tag","embeddable":true,"href":"https:\/\/www.caissealliance.com\/fr\/wp-json\/wp\/v2\/tags?post=1141"}],"curies":[{"name":"wp","href":"https:\/\/api.w.org\/{rel}","templated":true}]}}